{"id":554,"date":"2017-10-13T22:14:18","date_gmt":"2017-10-13T20:14:18","guid":{"rendered":"https:\/\/raphaelvaucourte.wordpress.com\/?p=554"},"modified":"2019-11-19T17:29:21","modified_gmt":"2019-11-19T16:29:21","slug":"bientot-en-concert","status":"publish","type":"post","link":"https:\/\/raphael.vaucourte.rparejo.eu\/index.php\/2017\/10\/13\/bientot-en-concert\/","title":{"rendered":"Bient\u00f4t en concert !"},"content":{"rendered":"\t\t<div data-elementor-type=\"wp-post\" data-elementor-id=\"554\" class=\"elementor elementor-554\">\n\t\t\t\t\t\t<section class=\"elementor-section elementor-top-section elementor-element elementor-element-d649e72 elementor-section-boxed elementor-section-height-default elementor-section-height-default\" data-id=\"d649e72\" data-element_type=\"section\" data-e-type=\"section\">\n\t\t\t\t\t\t<div class=\"elementor-container elementor-column-gap-default\">\n\t\t\t\t\t<div class=\"elementor-column elementor-col-100 elementor-top-column elementor-element elementor-element-e810927\" data-id=\"e810927\" data-element_type=\"column\" data-e-type=\"column\">\n\t\t\t<div class=\"elementor-widget-wrap elementor-element-populated\">\n\t\t\t\t\t\t<div class=\"elementor-element elementor-element-596f9ac elementor-invisible elementor-widget elementor-widget-text-editor\" data-id=\"596f9ac\" data-element_type=\"widget\" data-e-type=\"widget\" data-settings=\"{&quot;_animation&quot;:&quot;lightSpeedIn&quot;}\" data-widget_type=\"text-editor.default\">\n\t\t\t\t<div class=\"elementor-widget-container\">\n\t\t\t\t\t\t\t\t\t<p style=\"text-align: center;\"><span style=\"font-size: 18pt;\">Bonjour \u00e0 toutes et \u00e0 tous, et mille excuses pour mon silence qui a \u00e9t\u00e9 beaucoup plus long que pr\u00e9vu\u00a0!<\/span><\/p>\t\t\t\t\t\t\t\t<\/div>\n\t\t\t\t<\/div>\n\t\t\t\t\t<\/div>\n\t\t<\/div>\n\t\t\t\t\t<\/div>\n\t\t<\/section>\n\t\t\t\t<section class=\"elementor-section elementor-top-section elementor-element elementor-element-7915683 elementor-section-boxed elementor-section-height-default elementor-section-height-default\" data-id=\"7915683\" data-element_type=\"section\" data-e-type=\"section\">\n\t\t\t\t\t\t<div class=\"elementor-container elementor-column-gap-default\">\n\t\t\t\t\t<div class=\"elementor-column elementor-col-100 elementor-top-column elementor-element elementor-element-4b69f71\" data-id=\"4b69f71\" data-element_type=\"column\" data-e-type=\"column\">\n\t\t\t<div class=\"elementor-widget-wrap elementor-element-populated\">\n\t\t\t\t\t\t<div class=\"elementor-element elementor-element-c4c7a9e elementor-widget elementor-widget-heading\" data-id=\"c4c7a9e\" data-element_type=\"widget\" data-e-type=\"widget\" data-widget_type=\"heading.default\">\n\t\t\t\t<div class=\"elementor-widget-container\">\n\t\t\t\t\t<h3 class=\"elementor-heading-title elementor-size-default\">Petit point sur la situation de mon projet de chansons fran\u00e7aises<\/h3>\t\t\t\t<\/div>\n\t\t\t\t<\/div>\n\t\t\t\t\t<\/div>\n\t\t<\/div>\n\t\t\t\t\t<\/div>\n\t\t<\/section>\n\t\t\t\t<section class=\"elementor-section elementor-top-section elementor-element elementor-element-f497165 elementor-section-boxed elementor-section-height-default elementor-section-height-default\" data-id=\"f497165\" data-element_type=\"section\" data-e-type=\"section\">\n\t\t\t\t\t\t<div class=\"elementor-container elementor-column-gap-default\">\n\t\t\t\t\t<div class=\"elementor-column elementor-col-50 elementor-top-column elementor-element elementor-element-9661a58\" data-id=\"9661a58\" data-element_type=\"column\" data-e-type=\"column\">\n\t\t\t<div class=\"elementor-widget-wrap elementor-element-populated\">\n\t\t\t\t\t\t<div class=\"elementor-element elementor-element-081bf10 elementor-widget elementor-widget-text-editor\" data-id=\"081bf10\" data-element_type=\"widget\" data-e-type=\"widget\" data-widget_type=\"text-editor.default\">\n\t\t\t\t<div class=\"elementor-widget-container\">\n\t\t\t\t\t\t\t\t\t<p style=\"text-align: justify;\">La fin du printemps, tout l&rsquo;\u00e9t\u00e9 et ce d\u00e9but d\u2019automne 2017 ont \u00e9t\u00e9 particuli\u00e8rement charg\u00e9s pour moi comme pour les personnes avec qui je travaille, que ce soit sur le plan musical (trois projets musicaux diff\u00e9rents, v. note 1), ou sur le plan associatif. Nous avons en effet \u00e0 refondre et ensuite g\u00e9rer deux grosses associations internationales : Txoke! Qui travaille sur le patrimoine culturel (en particulier immat\u00e9riel), et MusiXpand dont la vocation principale est d\u2019aider les musiciens \u00e0 tourner de mani\u00e8re un peu diff\u00e9rente sans passer par des agences qui se \u00ab sucrent \u00bb trop au passage\u2026 Par ailleurs je travaille sur d&rsquo;autres prohets musicaux bien lanc\u00e9s ceux-l\u00e0, les programmes de chansons et ballades internationales de mon duo Sweet Winds avec a chanteuse allemande Lilofee (voir son site ici : <a href=\"https:\/\/lilofee.kuschick.eu)\" target=\"_blank\" rel=\"noopener\">https:\/\/lilofee.kuschick.eu)<\/a> et le duo Sweet Winds, que j&rsquo;ai cr\u00e9\u00e9 avec Lilofee, et son programme de chansons et ballades internationales : <a href=\"https:\/\/sweetwinds.rparejo.eu\/\" target=\"_blank\" rel=\"noopener\">https:\/\/sweetwinds.rparejo.eu\/<\/a>. Cela implique beaucoup de temps et de travail.<\/p>\t\t\t\t\t\t\t\t<\/div>\n\t\t\t\t<\/div>\n\t\t\t\t\t<\/div>\n\t\t<\/div>\n\t\t\t\t<div class=\"elementor-column elementor-col-50 elementor-top-column elementor-element elementor-element-ac5ad99\" data-id=\"ac5ad99\" data-element_type=\"column\" data-e-type=\"column\">\n\t\t\t<div class=\"elementor-widget-wrap elementor-element-populated\">\n\t\t\t\t\t\t<div class=\"elementor-element elementor-element-710b61d elementor-widget elementor-widget-image\" data-id=\"710b61d\" data-element_type=\"widget\" data-e-type=\"widget\" data-widget_type=\"image.default\">\n\t\t\t\t<div class=\"elementor-widget-container\">\n\t\t\t\t\t\t\t\t\t\t\t\t\t\t\t<img decoding=\"async\" src=\"https:\/\/raphael.vaucourte.rparejo.eu\/wp-content\/uploads\/2019\/11\/Raphae\u0308l-Vaucourte_Logo-bleuet_Fond-noir_1200x1200.jpg\" title=\"Raphae\u0308l-Vaucourte_Logo-bleuet_Fond-noir_1200x1200\" alt=\"Raphae\u0308l-Vaucourte_Logo-bleuet_Fond-noir_1200x1200\" loading=\"lazy\" \/>\t\t\t\t\t\t\t\t\t\t\t\t\t\t\t<\/div>\n\t\t\t\t<\/div>\n\t\t\t\t\t<\/div>\n\t\t<\/div>\n\t\t\t\t\t<\/div>\n\t\t<\/section>\n\t\t\t\t<section class=\"elementor-section elementor-top-section elementor-element elementor-element-598eb42 elementor-section-boxed elementor-section-height-default elementor-section-height-default\" data-id=\"598eb42\" data-element_type=\"section\" data-e-type=\"section\">\n\t\t\t\t\t\t<div class=\"elementor-container elementor-column-gap-default\">\n\t\t\t\t\t<div class=\"elementor-column elementor-col-50 elementor-top-column elementor-element elementor-element-1526c3e\" data-id=\"1526c3e\" data-element_type=\"column\" data-e-type=\"column\">\n\t\t\t<div class=\"elementor-widget-wrap elementor-element-populated\">\n\t\t\t\t\t\t<div class=\"elementor-element elementor-element-a3e50d2 elementor-widget elementor-widget-image\" data-id=\"a3e50d2\" data-element_type=\"widget\" data-e-type=\"widget\" data-widget_type=\"image.default\">\n\t\t\t\t<div class=\"elementor-widget-container\">\n\t\t\t\t\t\t\t\t\t\t\t\t\t\t\t<img decoding=\"async\" src=\"https:\/\/raphael.vaucourte.rparejo.eu\/wp-content\/uploads\/2019\/11\/Guitare-classique-detail.com_.jpg\" title=\"Guitare-classique-detail.com\" alt=\"Guitare-classique-detail.com\" loading=\"lazy\" \/>\t\t\t\t\t\t\t\t\t\t\t\t\t\t\t<\/div>\n\t\t\t\t<\/div>\n\t\t\t\t\t<\/div>\n\t\t<\/div>\n\t\t\t\t<div class=\"elementor-column elementor-col-50 elementor-top-column elementor-element elementor-element-e801dd4\" data-id=\"e801dd4\" data-element_type=\"column\" data-e-type=\"column\">\n\t\t\t<div class=\"elementor-widget-wrap elementor-element-populated\">\n\t\t\t\t\t\t<div class=\"elementor-element elementor-element-6c08432 elementor-widget elementor-widget-text-editor\" data-id=\"6c08432\" data-element_type=\"widget\" data-e-type=\"widget\" data-widget_type=\"text-editor.default\">\n\t\t\t\t<div class=\"elementor-widget-container\">\n\t\t\t\t\t\t\t\t\t<p>Du coup mon programme \u00ab\u00a0<a href=\"https:\/\/raphael.vaucourte.rparejo.eu\/index.php\/chansons-den-france-et-de-la-francophonie\/\" target=\"_blank\" rel=\"noopener\">Chansons d&rsquo;en France et de la Francophonie<\/a>\u00a0\u00bb a pris\u00a0<span style=\"font-family: 'Open Sans'; font-size: 13.3333px; font-style: normal; font-variant-ligatures: normal; font-variant-caps: normal; font-weight: 400; text-align: justify;\">beaucoup de retard<\/span><span style=\"text-indent: 0em; text-align: inherit;\">\u2026 J&rsquo;estime \u00e0 environ deux ans de plus le travail n\u00e9cessaire pour pr\u00e9senter un r\u00e9cital bien \u00ab poli\u00a0\u00bb. Mais j&rsquo;y ai travaill\u00e9 et j\u2019y travaille encore ! J&rsquo;aimerai aussi pour ce r\u00e9cital b\u00e9n\u00e9fier de l&rsquo;appui d&rsquo;une violoncelliste (une amie a \u00e9t\u00e9 contact\u00e9e) et je travaille donc \u00e0 des arrangements de violoncelle et guitare.<\/span><\/p>\t\t\t\t\t\t\t\t<\/div>\n\t\t\t\t<\/div>\n\t\t\t\t\t<\/div>\n\t\t<\/div>\n\t\t\t\t\t<\/div>\n\t\t<\/section>\n\t\t\t\t<section class=\"elementor-section elementor-top-section elementor-element elementor-element-fb9ab62 elementor-section-boxed elementor-section-height-default elementor-section-height-default\" data-id=\"fb9ab62\" data-element_type=\"section\" data-e-type=\"section\">\n\t\t\t\t\t\t<div class=\"elementor-container elementor-column-gap-default\">\n\t\t\t\t\t<div class=\"elementor-column elementor-col-100 elementor-top-column elementor-element elementor-element-1d250b0\" data-id=\"1d250b0\" data-element_type=\"column\" data-e-type=\"column\">\n\t\t\t<div class=\"elementor-widget-wrap elementor-element-populated\">\n\t\t\t\t\t\t<div class=\"elementor-element elementor-element-fb7a163 elementor-invisible elementor-widget elementor-widget-image\" data-id=\"fb7a163\" data-element_type=\"widget\" data-e-type=\"widget\" data-settings=\"{&quot;_animation&quot;:&quot;rollIn&quot;}\" data-widget_type=\"image.default\">\n\t\t\t\t<div class=\"elementor-widget-container\">\n\t\t\t\t\t\t\t\t\t\t\t\t\t\t\t<img decoding=\"async\" src=\"https:\/\/raphael.vaucourte.rparejo.eu\/wp-content\/uploads\/2017\/11\/vaucourte_Annonce-cherche-musicien_image-en-avant.jpg\" title=\"vaucourte_Annonce-cherche-musicien_image-en-avant\" alt=\"vaucourte_Annonce-cherche-musicien_image-en-avant\" loading=\"lazy\" \/>\t\t\t\t\t\t\t\t\t\t\t\t\t\t\t<\/div>\n\t\t\t\t<\/div>\n\t\t\t\t\t<\/div>\n\t\t<\/div>\n\t\t\t\t\t<\/div>\n\t\t<\/section>\n\t\t\t\t<section class=\"elementor-section elementor-top-section elementor-element elementor-element-65f4848 elementor-section-boxed elementor-section-height-default elementor-section-height-default\" data-id=\"65f4848\" data-element_type=\"section\" data-e-type=\"section\">\n\t\t\t\t\t\t<div class=\"elementor-container elementor-column-gap-default\">\n\t\t\t\t\t<div class=\"elementor-column elementor-col-50 elementor-top-column elementor-element elementor-element-c31d79e\" data-id=\"c31d79e\" data-element_type=\"column\" data-e-type=\"column\">\n\t\t\t<div class=\"elementor-widget-wrap elementor-element-populated\">\n\t\t\t\t\t\t<div class=\"elementor-element elementor-element-ef5dcab elementor-widget elementor-widget-text-editor\" data-id=\"ef5dcab\" data-element_type=\"widget\" data-e-type=\"widget\" data-widget_type=\"text-editor.default\">\n\t\t\t\t<div class=\"elementor-widget-container\">\n\t\t\t\t\t\t\t\t\t<p style=\"text-align: justify;\">Je constate aussi que les possibilit\u00e9s de contenus sont tr\u00e8s riches et diversifi\u00e9es, et cela complique le choix des chansons. Il faut choisir entre des chansons incontournables (quelques-unes) parce qu&rsquo;elles ont marqu\u00e9 l&rsquo;histoire de la chanson fran\u00e7aise, et d&rsquo;autres moins connues ou pas connues du tout qui, n\u00e9anmoins ont des musiques et des contenus de qualit\u00e9. Je pense par exemple \u00e0 une chanson pratiquement inconnue de Ren\u00e9 Louis Lafforgue, \u00ab\u00a0Le poseur de rails\u00a0\u00bb ou encore \u00ab Coquillages \u00bb, une chanson pass\u00e9e inaper\u00e7ue et pourtant tr\u00e8s belle. Ces deux exemples sont int\u00e9ressants, car ce sont deux chansons pratiquement \u00e0 l\u2019oppos\u00e9 quant aux styles musicaux et le type de paroles, la premi\u00e8re dans la grande veine des chansons parlant du travail des gens humbles (telles que celles de F\u00e9lix Leclerc), la seconde musicalement dans la veine folk des ann\u00e9es 60\/70 avec un contenu plus \u00e9th\u00e9r\u00e9 et impressionniste.<\/p><p style=\"text-align: justify;\">Je vais \u00e9galement ins\u00e9rer progressivement des cr\u00e9ations personnelles, soit certains de mes po\u00e8mes que je mets en musique, soit des chansons compos\u00e9es d\u00e8s le d\u00e9part en tant que telles.<\/p>\t\t\t\t\t\t\t\t<\/div>\n\t\t\t\t<\/div>\n\t\t\t\t\t<\/div>\n\t\t<\/div>\n\t\t\t\t<div class=\"elementor-column elementor-col-50 elementor-top-column elementor-element elementor-element-dd06fef\" data-id=\"dd06fef\" data-element_type=\"column\" data-e-type=\"column\">\n\t\t\t<div class=\"elementor-widget-wrap elementor-element-populated\">\n\t\t\t\t\t\t<div class=\"elementor-element elementor-element-6381bc1 elementor-widget elementor-widget-image\" data-id=\"6381bc1\" data-element_type=\"widget\" data-e-type=\"widget\" data-widget_type=\"image.default\">\n\t\t\t\t<div class=\"elementor-widget-container\">\n\t\t\t\t\t\t\t\t\t\t\t\t\t\t\t<img decoding=\"async\" src=\"https:\/\/raphael.vaucourte.rparejo.eu\/wp-content\/plugins\/elementor\/assets\/images\/placeholder.png\" title=\"\" alt=\"\" loading=\"lazy\" \/>\t\t\t\t\t\t\t\t\t\t\t\t\t\t\t<\/div>\n\t\t\t\t<\/div>\n\t\t\t\t\t<\/div>\n\t\t<\/div>\n\t\t\t\t\t<\/div>\n\t\t<\/section>\n\t\t\t\t<section class=\"elementor-section elementor-top-section elementor-element elementor-element-eca7052 elementor-section-boxed elementor-section-height-default elementor-section-height-default\" data-id=\"eca7052\" data-element_type=\"section\" data-e-type=\"section\">\n\t\t\t\t\t\t<div class=\"elementor-container elementor-column-gap-default\">\n\t\t\t\t\t<div class=\"elementor-column elementor-col-100 elementor-top-column elementor-element elementor-element-d13f5bd\" data-id=\"d13f5bd\" data-element_type=\"column\" data-e-type=\"column\">\n\t\t\t<div class=\"elementor-widget-wrap elementor-element-populated\">\n\t\t\t\t\t\t<div class=\"elementor-element elementor-element-b7b5231 elementor-widget elementor-widget-heading\" data-id=\"b7b5231\" data-element_type=\"widget\" data-e-type=\"widget\" data-widget_type=\"heading.default\">\n\t\t\t\t<div class=\"elementor-widget-container\">\n\t\t\t\t\t<h2 class=\"elementor-heading-title elementor-size-default\">Futuribles<\/h2>\t\t\t\t<\/div>\n\t\t\t\t<\/div>\n\t\t\t\t\t<\/div>\n\t\t<\/div>\n\t\t\t\t\t<\/div>\n\t\t<\/section>\n\t\t\t\t<section class=\"elementor-section elementor-top-section elementor-element elementor-element-1caef85 elementor-section-boxed elementor-section-height-default elementor-section-height-default\" data-id=\"1caef85\" data-element_type=\"section\" data-e-type=\"section\">\n\t\t\t\t\t\t<div class=\"elementor-container elementor-column-gap-default\">\n\t\t\t\t\t<div class=\"elementor-column elementor-col-50 elementor-top-column elementor-element elementor-element-b96791c\" data-id=\"b96791c\" data-element_type=\"column\" data-e-type=\"column\">\n\t\t\t<div class=\"elementor-widget-wrap elementor-element-populated\">\n\t\t\t\t\t\t<div class=\"elementor-element elementor-element-f9a47c9 elementor-widget elementor-widget-text-editor\" data-id=\"f9a47c9\" data-element_type=\"widget\" data-e-type=\"widget\" data-widget_type=\"text-editor.default\">\n\t\t\t\t<div class=\"elementor-widget-container\">\n\t\t\t\t\t\t\t\t\t<p style=\"text-align: justify;\">Par ailleurs je d\u00e9couvre avec une certaine surprise qu&rsquo;avant m\u00eame que ce programme de chansons de langue fran\u00e7aise ne soit au point, \u00e9trenn\u00e9 et rod\u00e9 on me propose des concerts un peu partout, France, Qu\u00e9bec, mais encore plus surprenant en Russie et\u2026 en Chine ! Les antennes de l&rsquo;Alliance fran\u00e7aise semble int\u00e9ress\u00e9es, de m\u00eame que celles de l&rsquo;Institut<span style=\"text-indent: 0em;\">\u00a0fran\u00e7ais. Je crois que c\u2019est principalement d\u00fb au fait que la langue et la culture fran\u00e7aises continuent \u00e0 \u00eatre une r\u00e9f\u00e9rence dans le monde, m\u00eame si en France tout semble stagner voire m\u00eame gravement se d\u00e9grader.<\/span><\/p><p style=\"text-align: justify;\">C&rsquo;est \u00e0 la fois un tr\u00e8s bon signe (ce type de r\u00e9cital int\u00e9resse), mais aussi un peu stressant pour moi !<\/p><div><p style=\"text-align: justify;\"><span style=\"font-size: 10pt;\">(1) Note : principalement \u00ab\u00a0Chansons d\u2019en France et de la francophonie\u00a0\u00bb (chanson fran\u00e7aise), r\u00e9pertoire de ballades et chansons europ\u00e9ennes avec le duo Sweet Winds, et le travail d\u2019arrangeur et d\u2019accompagnateur que je r\u00e9alise pour la chanteuse allemande Lilofee et son programme de chansons et ballades des mondes germaniques (pays de langue allemande dont chansons en dialectes, et pays nordiques).<\/span><\/p><\/div>\t\t\t\t\t\t\t\t<\/div>\n\t\t\t\t<\/div>\n\t\t\t\t\t<\/div>\n\t\t<\/div>\n\t\t\t\t<div class=\"elementor-column elementor-col-50 elementor-top-column elementor-element elementor-element-8f9fdb0\" data-id=\"8f9fdb0\" data-element_type=\"column\" data-e-type=\"column\">\n\t\t\t<div class=\"elementor-widget-wrap elementor-element-populated\">\n\t\t\t\t\t\t<div class=\"elementor-element elementor-element-729a7e1 elementor-widget elementor-widget-image\" data-id=\"729a7e1\" data-element_type=\"widget\" data-e-type=\"widget\" data-widget_type=\"image.default\">\n\t\t\t\t<div class=\"elementor-widget-container\">\n\t\t\t\t\t\t\t\t\t\t\t\t\t\t\t<img decoding=\"async\" src=\"https:\/\/raphael.vaucourte.rparejo.eu\/wp-content\/plugins\/elementor\/assets\/images\/placeholder.png\" title=\"\" alt=\"\" loading=\"lazy\" \/>\t\t\t\t\t\t\t\t\t\t\t\t\t\t\t<\/div>\n\t\t\t\t<\/div>\n\t\t\t\t\t<\/div>\n\t\t<\/div>\n\t\t\t\t\t<\/div>\n\t\t<\/section>\n\t\t\t\t<\/div>\n\t\t","protected":false},"excerpt":{"rendered":"<p>Bonjour \u00e0 toutes et \u00e0 tous, et mille excuses pour mon silence qui a \u00e9t\u00e9 beaucoup plus long que pr\u00e9vu\u00a0! Petit point sur la situation de mon projet de chansons fran\u00e7aises La fin du printemps, tout l&rsquo;\u00e9t\u00e9 et ce d\u00e9but d\u2019automne 2017 ont \u00e9t\u00e9 particuli\u00e8rement charg\u00e9s pour moi comme pour les personnes avec qui je travaille, que ce soit sur &hellip;<\/p>\n","protected":false},"author":2,"featured_media":1476,"comment_status":"closed","ping_status":"closed","sticky":false,"template":"","format":"standard","meta":{"footnotes":""},"categories":[1],"tags":[],"class_list":["post-554","post","type-post","status-publish","format-standard","has-post-thumbnail","hentry","category-non-classifiee"],"yoast_head":"<!-- This site is optimized with the Yoast SEO plugin v27.5 - https:\/\/yoast.com\/product\/yoast-seo-wordpress\/ -->\n<title>Bient\u00f4t en concert ! - Rapha\u00ebl Vaucourte (site officiel)<\/title>\n<meta name=\"robots\" content=\"index, follow, max-snippet:-1, max-image-preview:large, max-video-preview:-1\" \/>\n<link rel=\"canonical\" href=\"https:\/\/raphael.vaucourte.rparejo.eu\/index.php\/2017\/10\/13\/bientot-en-concert\/\" \/>\n<meta property=\"og:locale\" content=\"fr_FR\" \/>\n<meta property=\"og:type\" content=\"article\" \/>\n<meta property=\"og:title\" content=\"Bient\u00f4t en concert ! - Rapha\u00ebl Vaucourte (site officiel)\" \/>\n<meta property=\"og:description\" content=\"Bonjour \u00e0 toutes et \u00e0 tous, et mille excuses pour mon silence qui a \u00e9t\u00e9 beaucoup plus long que pr\u00e9vu\u00a0! Petit point sur la situation de mon projet de chansons fran\u00e7aises La fin du printemps, tout l&rsquo;\u00e9t\u00e9 et ce d\u00e9but d\u2019automne 2017 ont \u00e9t\u00e9 particuli\u00e8rement charg\u00e9s pour moi comme pour les personnes avec qui je travaille, que ce soit sur &hellip;\" \/>\n<meta property=\"og:url\" content=\"https:\/\/raphael.vaucourte.rparejo.eu\/index.php\/2017\/10\/13\/bientot-en-concert\/\" \/>\n<meta property=\"og:site_name\" content=\"Rapha\u00ebl Vaucourte (site officiel)\" \/>\n<meta property=\"article:author\" content=\"https:\/\/www.facebook.com\/raphaelvaucourteofficiel\/\" \/>\n<meta property=\"article:published_time\" content=\"2017-10-13T20:14:18+00:00\" \/>\n<meta property=\"article:modified_time\" content=\"2019-11-19T16:29:21+00:00\" \/>\n<meta property=\"og:image\" content=\"https:\/\/raphael.vaucourte.rparejo.eu\/wp-content\/uploads\/2018\/08\/Vaucourte_Bientot-concerts_Martin-co-d21sp_image-en-avant.jpg\" \/>\n\t<meta property=\"og:image:width\" content=\"1920\" \/>\n\t<meta property=\"og:image:height\" content=\"400\" \/>\n\t<meta property=\"og:image:type\" content=\"image\/jpeg\" \/>\n<meta name=\"author\" content=\"Rapha\u00ebl Vaucourte\" \/>\n<meta name=\"twitter:card\" content=\"summary_large_image\" \/>\n<meta name=\"twitter:creator\" content=\"@raphvauc\" \/>\n<meta name=\"twitter:label1\" content=\"\u00c9crit par\" \/>\n\t<meta name=\"twitter:data1\" content=\"Rapha\u00ebl Vaucourte\" \/>\n\t<meta name=\"twitter:label2\" content=\"Dur\u00e9e de lecture estim\u00e9e\" \/>\n\t<meta name=\"twitter:data2\" content=\"3 minutes\" \/>\n<script type=\"application\/ld+json\" class=\"yoast-schema-graph\">{\"@context\":\"https:\\\/\\\/schema.org\",\"@graph\":[{\"@type\":\"Article\",\"@id\":\"https:\\\/\\\/raphael.vaucourte.rparejo.eu\\\/index.php\\\/2017\\\/10\\\/13\\\/bientot-en-concert\\\/#article\",\"isPartOf\":{\"@id\":\"https:\\\/\\\/raphael.vaucourte.rparejo.eu\\\/index.php\\\/2017\\\/10\\\/13\\\/bientot-en-concert\\\/\"},\"author\":{\"name\":\"Rapha\u00ebl Vaucourte\",\"@id\":\"https:\\\/\\\/raphael.vaucourte.rparejo.eu\\\/#\\\/schema\\\/person\\\/8d1d49c41a62f26d10a2846f3f3b414c\"},\"headline\":\"Bient\u00f4t en concert !\",\"datePublished\":\"2017-10-13T20:14:18+00:00\",\"dateModified\":\"2019-11-19T16:29:21+00:00\",\"mainEntityOfPage\":{\"@id\":\"https:\\\/\\\/raphael.vaucourte.rparejo.eu\\\/index.php\\\/2017\\\/10\\\/13\\\/bientot-en-concert\\\/\"},\"wordCount\":675,\"image\":{\"@id\":\"https:\\\/\\\/raphael.vaucourte.rparejo.eu\\\/index.php\\\/2017\\\/10\\\/13\\\/bientot-en-concert\\\/#primaryimage\"},\"thumbnailUrl\":\"https:\\\/\\\/raphael.vaucourte.rparejo.eu\\\/wp-content\\\/uploads\\\/2018\\\/08\\\/Vaucourte_Bientot-concerts_Martin-co-d21sp_image-en-avant.jpg\",\"articleSection\":[\"Non classifi\u00e9(e)\"],\"inLanguage\":\"fr-FR\"},{\"@type\":\"WebPage\",\"@id\":\"https:\\\/\\\/raphael.vaucourte.rparejo.eu\\\/index.php\\\/2017\\\/10\\\/13\\\/bientot-en-concert\\\/\",\"url\":\"https:\\\/\\\/raphael.vaucourte.rparejo.eu\\\/index.php\\\/2017\\\/10\\\/13\\\/bientot-en-concert\\\/\",\"name\":\"Bient\u00f4t en concert ! - Rapha\u00ebl Vaucourte (site officiel)\",\"isPartOf\":{\"@id\":\"https:\\\/\\\/raphael.vaucourte.rparejo.eu\\\/#website\"},\"primaryImageOfPage\":{\"@id\":\"https:\\\/\\\/raphael.vaucourte.rparejo.eu\\\/index.php\\\/2017\\\/10\\\/13\\\/bientot-en-concert\\\/#primaryimage\"},\"image\":{\"@id\":\"https:\\\/\\\/raphael.vaucourte.rparejo.eu\\\/index.php\\\/2017\\\/10\\\/13\\\/bientot-en-concert\\\/#primaryimage\"},\"thumbnailUrl\":\"https:\\\/\\\/raphael.vaucourte.rparejo.eu\\\/wp-content\\\/uploads\\\/2018\\\/08\\\/Vaucourte_Bientot-concerts_Martin-co-d21sp_image-en-avant.jpg\",\"datePublished\":\"2017-10-13T20:14:18+00:00\",\"dateModified\":\"2019-11-19T16:29:21+00:00\",\"author\":{\"@id\":\"https:\\\/\\\/raphael.vaucourte.rparejo.eu\\\/#\\\/schema\\\/person\\\/8d1d49c41a62f26d10a2846f3f3b414c\"},\"breadcrumb\":{\"@id\":\"https:\\\/\\\/raphael.vaucourte.rparejo.eu\\\/index.php\\\/2017\\\/10\\\/13\\\/bientot-en-concert\\\/#breadcrumb\"},\"inLanguage\":\"fr-FR\",\"potentialAction\":[{\"@type\":\"ReadAction\",\"target\":[\"https:\\\/\\\/raphael.vaucourte.rparejo.eu\\\/index.php\\\/2017\\\/10\\\/13\\\/bientot-en-concert\\\/\"]}]},{\"@type\":\"ImageObject\",\"inLanguage\":\"fr-FR\",\"@id\":\"https:\\\/\\\/raphael.vaucourte.rparejo.eu\\\/index.php\\\/2017\\\/10\\\/13\\\/bientot-en-concert\\\/#primaryimage\",\"url\":\"https:\\\/\\\/raphael.vaucourte.rparejo.eu\\\/wp-content\\\/uploads\\\/2018\\\/08\\\/Vaucourte_Bientot-concerts_Martin-co-d21sp_image-en-avant.jpg\",\"contentUrl\":\"https:\\\/\\\/raphael.vaucourte.rparejo.eu\\\/wp-content\\\/uploads\\\/2018\\\/08\\\/Vaucourte_Bientot-concerts_Martin-co-d21sp_image-en-avant.jpg\",\"width\":1920,\"height\":400},{\"@type\":\"BreadcrumbList\",\"@id\":\"https:\\\/\\\/raphael.vaucourte.rparejo.eu\\\/index.php\\\/2017\\\/10\\\/13\\\/bientot-en-concert\\\/#breadcrumb\",\"itemListElement\":[{\"@type\":\"ListItem\",\"position\":1,\"name\":\"Accueil\",\"item\":\"https:\\\/\\\/raphael.vaucourte.rparejo.eu\\\/\"},{\"@type\":\"ListItem\",\"position\":2,\"name\":\"Bient\u00f4t en concert !\"}]},{\"@type\":\"WebSite\",\"@id\":\"https:\\\/\\\/raphael.vaucourte.rparejo.eu\\\/#website\",\"url\":\"https:\\\/\\\/raphael.vaucourte.rparejo.eu\\\/\",\"name\":\"Rapha\u00ebl Vaucourte (site officiel)\",\"description\":\"Chanson fran\u00e7aise\",\"potentialAction\":[{\"@type\":\"SearchAction\",\"target\":{\"@type\":\"EntryPoint\",\"urlTemplate\":\"https:\\\/\\\/raphael.vaucourte.rparejo.eu\\\/?s={search_term_string}\"},\"query-input\":{\"@type\":\"PropertyValueSpecification\",\"valueRequired\":true,\"valueName\":\"search_term_string\"}}],\"inLanguage\":\"fr-FR\"},{\"@type\":\"Person\",\"@id\":\"https:\\\/\\\/raphael.vaucourte.rparejo.eu\\\/#\\\/schema\\\/person\\\/8d1d49c41a62f26d10a2846f3f3b414c\",\"name\":\"Rapha\u00ebl Vaucourte\",\"image\":{\"@type\":\"ImageObject\",\"inLanguage\":\"fr-FR\",\"@id\":\"https:\\\/\\\/secure.gravatar.com\\\/avatar\\\/2eb02f28c52c40f2455b017f88eb36b17eb87c1c213614702a4a96c7d3038e48?s=96&d=mm&r=g\",\"url\":\"https:\\\/\\\/secure.gravatar.com\\\/avatar\\\/2eb02f28c52c40f2455b017f88eb36b17eb87c1c213614702a4a96c7d3038e48?s=96&d=mm&r=g\",\"contentUrl\":\"https:\\\/\\\/secure.gravatar.com\\\/avatar\\\/2eb02f28c52c40f2455b017f88eb36b17eb87c1c213614702a4a96c7d3038e48?s=96&d=mm&r=g\",\"caption\":\"Rapha\u00ebl Vaucourte\"},\"description\":\"Chercheur en ethnomusicologie, universitaire, po\u00e8te et essayiste, je suis \u00e9galement musicien multi-instrumentiste, auteur-compositeur et interpr\u00e8te. je reviens sur sc\u00e8ne avec plusieurs projets musicaux, ce site \u00e9tant d\u00e9di\u00e9 \u00e0 deux programmes de chansons fran\u00e7aises de qualit\u00e9 que je propose au public.\",\"sameAs\":[\"https:\\\/\\\/www.rparejo.eu\\\/\",\"https:\\\/\\\/www.facebook.com\\\/raphaelvaucourteofficiel\\\/\",\"https:\\\/\\\/x.com\\\/raphvauc\"],\"url\":\"https:\\\/\\\/raphael.vaucourte.rparejo.eu\\\/index.php\\\/author\\\/raphaelvaucourte\\\/\"}]}<\/script>\n<!-- \/ Yoast SEO plugin. -->","yoast_head_json":{"title":"Bient\u00f4t en concert ! - Rapha\u00ebl Vaucourte (site officiel)","robots":{"index":"index","follow":"follow","max-snippet":"max-snippet:-1","max-image-preview":"max-image-preview:large","max-video-preview":"max-video-preview:-1"},"canonical":"https:\/\/raphael.vaucourte.rparejo.eu\/index.php\/2017\/10\/13\/bientot-en-concert\/","og_locale":"fr_FR","og_type":"article","og_title":"Bient\u00f4t en concert ! - Rapha\u00ebl Vaucourte (site officiel)","og_description":"Bonjour \u00e0 toutes et \u00e0 tous, et mille excuses pour mon silence qui a \u00e9t\u00e9 beaucoup plus long que pr\u00e9vu\u00a0! Petit point sur la situation de mon projet de chansons fran\u00e7aises La fin du printemps, tout l&rsquo;\u00e9t\u00e9 et ce d\u00e9but d\u2019automne 2017 ont \u00e9t\u00e9 particuli\u00e8rement charg\u00e9s pour moi comme pour les personnes avec qui je travaille, que ce soit sur &hellip;","og_url":"https:\/\/raphael.vaucourte.rparejo.eu\/index.php\/2017\/10\/13\/bientot-en-concert\/","og_site_name":"Rapha\u00ebl Vaucourte (site officiel)","article_author":"https:\/\/www.facebook.com\/raphaelvaucourteofficiel\/","article_published_time":"2017-10-13T20:14:18+00:00","article_modified_time":"2019-11-19T16:29:21+00:00","og_image":[{"width":1920,"height":400,"url":"https:\/\/raphael.vaucourte.rparejo.eu\/wp-content\/uploads\/2018\/08\/Vaucourte_Bientot-concerts_Martin-co-d21sp_image-en-avant.jpg","type":"image\/jpeg"}],"author":"Rapha\u00ebl Vaucourte","twitter_card":"summary_large_image","twitter_creator":"@raphvauc","twitter_misc":{"\u00c9crit par":"Rapha\u00ebl Vaucourte","Dur\u00e9e de lecture estim\u00e9e":"3 minutes"},"schema":{"@context":"https:\/\/schema.org","@graph":[{"@type":"Article","@id":"https:\/\/raphael.vaucourte.rparejo.eu\/index.php\/2017\/10\/13\/bientot-en-concert\/#article","isPartOf":{"@id":"https:\/\/raphael.vaucourte.rparejo.eu\/index.php\/2017\/10\/13\/bientot-en-concert\/"},"author":{"name":"Rapha\u00ebl Vaucourte","@id":"https:\/\/raphael.vaucourte.rparejo.eu\/#\/schema\/person\/8d1d49c41a62f26d10a2846f3f3b414c"},"headline":"Bient\u00f4t en concert !","datePublished":"2017-10-13T20:14:18+00:00","dateModified":"2019-11-19T16:29:21+00:00","mainEntityOfPage":{"@id":"https:\/\/raphael.vaucourte.rparejo.eu\/index.php\/2017\/10\/13\/bientot-en-concert\/"},"wordCount":675,"image":{"@id":"https:\/\/raphael.vaucourte.rparejo.eu\/index.php\/2017\/10\/13\/bientot-en-concert\/#primaryimage"},"thumbnailUrl":"https:\/\/raphael.vaucourte.rparejo.eu\/wp-content\/uploads\/2018\/08\/Vaucourte_Bientot-concerts_Martin-co-d21sp_image-en-avant.jpg","articleSection":["Non classifi\u00e9(e)"],"inLanguage":"fr-FR"},{"@type":"WebPage","@id":"https:\/\/raphael.vaucourte.rparejo.eu\/index.php\/2017\/10\/13\/bientot-en-concert\/","url":"https:\/\/raphael.vaucourte.rparejo.eu\/index.php\/2017\/10\/13\/bientot-en-concert\/","name":"Bient\u00f4t en concert ! - Rapha\u00ebl Vaucourte (site officiel)","isPartOf":{"@id":"https:\/\/raphael.vaucourte.rparejo.eu\/#website"},"primaryImageOfPage":{"@id":"https:\/\/raphael.vaucourte.rparejo.eu\/index.php\/2017\/10\/13\/bientot-en-concert\/#primaryimage"},"image":{"@id":"https:\/\/raphael.vaucourte.rparejo.eu\/index.php\/2017\/10\/13\/bientot-en-concert\/#primaryimage"},"thumbnailUrl":"https:\/\/raphael.vaucourte.rparejo.eu\/wp-content\/uploads\/2018\/08\/Vaucourte_Bientot-concerts_Martin-co-d21sp_image-en-avant.jpg","datePublished":"2017-10-13T20:14:18+00:00","dateModified":"2019-11-19T16:29:21+00:00","author":{"@id":"https:\/\/raphael.vaucourte.rparejo.eu\/#\/schema\/person\/8d1d49c41a62f26d10a2846f3f3b414c"},"breadcrumb":{"@id":"https:\/\/raphael.vaucourte.rparejo.eu\/index.php\/2017\/10\/13\/bientot-en-concert\/#breadcrumb"},"inLanguage":"fr-FR","potentialAction":[{"@type":"ReadAction","target":["https:\/\/raphael.vaucourte.rparejo.eu\/index.php\/2017\/10\/13\/bientot-en-concert\/"]}]},{"@type":"ImageObject","inLanguage":"fr-FR","@id":"https:\/\/raphael.vaucourte.rparejo.eu\/index.php\/2017\/10\/13\/bientot-en-concert\/#primaryimage","url":"https:\/\/raphael.vaucourte.rparejo.eu\/wp-content\/uploads\/2018\/08\/Vaucourte_Bientot-concerts_Martin-co-d21sp_image-en-avant.jpg","contentUrl":"https:\/\/raphael.vaucourte.rparejo.eu\/wp-content\/uploads\/2018\/08\/Vaucourte_Bientot-concerts_Martin-co-d21sp_image-en-avant.jpg","width":1920,"height":400},{"@type":"BreadcrumbList","@id":"https:\/\/raphael.vaucourte.rparejo.eu\/index.php\/2017\/10\/13\/bientot-en-concert\/#breadcrumb","itemListElement":[{"@type":"ListItem","position":1,"name":"Accueil","item":"https:\/\/raphael.vaucourte.rparejo.eu\/"},{"@type":"ListItem","position":2,"name":"Bient\u00f4t en concert !"}]},{"@type":"WebSite","@id":"https:\/\/raphael.vaucourte.rparejo.eu\/#website","url":"https:\/\/raphael.vaucourte.rparejo.eu\/","name":"Rapha\u00ebl Vaucourte (site officiel)","description":"Chanson fran\u00e7aise","potentialAction":[{"@type":"SearchAction","target":{"@type":"EntryPoint","urlTemplate":"https:\/\/raphael.vaucourte.rparejo.eu\/?s={search_term_string}"},"query-input":{"@type":"PropertyValueSpecification","valueRequired":true,"valueName":"search_term_string"}}],"inLanguage":"fr-FR"},{"@type":"Person","@id":"https:\/\/raphael.vaucourte.rparejo.eu\/#\/schema\/person\/8d1d49c41a62f26d10a2846f3f3b414c","name":"Rapha\u00ebl Vaucourte","image":{"@type":"ImageObject","inLanguage":"fr-FR","@id":"https:\/\/secure.gravatar.com\/avatar\/2eb02f28c52c40f2455b017f88eb36b17eb87c1c213614702a4a96c7d3038e48?s=96&d=mm&r=g","url":"https:\/\/secure.gravatar.com\/avatar\/2eb02f28c52c40f2455b017f88eb36b17eb87c1c213614702a4a96c7d3038e48?s=96&d=mm&r=g","contentUrl":"https:\/\/secure.gravatar.com\/avatar\/2eb02f28c52c40f2455b017f88eb36b17eb87c1c213614702a4a96c7d3038e48?s=96&d=mm&r=g","caption":"Rapha\u00ebl Vaucourte"},"description":"Chercheur en ethnomusicologie, universitaire, po\u00e8te et essayiste, je suis \u00e9galement musicien multi-instrumentiste, auteur-compositeur et interpr\u00e8te. je reviens sur sc\u00e8ne avec plusieurs projets musicaux, ce site \u00e9tant d\u00e9di\u00e9 \u00e0 deux programmes de chansons fran\u00e7aises de qualit\u00e9 que je propose au public.","sameAs":["https:\/\/www.rparejo.eu\/","https:\/\/www.facebook.com\/raphaelvaucourteofficiel\/","https:\/\/x.com\/raphvauc"],"url":"https:\/\/raphael.vaucourte.rparejo.eu\/index.php\/author\/raphaelvaucourte\/"}]}},"_links":{"self":[{"href":"https:\/\/raphael.vaucourte.rparejo.eu\/index.php\/wp-json\/wp\/v2\/posts\/554","targetHints":{"allow":["GET"]}}],"collection":[{"href":"https:\/\/raphael.vaucourte.rparejo.eu\/index.php\/wp-json\/wp\/v2\/posts"}],"about":[{"href":"https:\/\/raphael.vaucourte.rparejo.eu\/index.php\/wp-json\/wp\/v2\/types\/post"}],"author":[{"embeddable":true,"href":"https:\/\/raphael.vaucourte.rparejo.eu\/index.php\/wp-json\/wp\/v2\/users\/2"}],"replies":[{"embeddable":true,"href":"https:\/\/raphael.vaucourte.rparejo.eu\/index.php\/wp-json\/wp\/v2\/comments?post=554"}],"version-history":[{"count":0,"href":"https:\/\/raphael.vaucourte.rparejo.eu\/index.php\/wp-json\/wp\/v2\/posts\/554\/revisions"}],"wp:featuredmedia":[{"embeddable":true,"href":"https:\/\/raphael.vaucourte.rparejo.eu\/index.php\/wp-json\/wp\/v2\/media\/1476"}],"wp:attachment":[{"href":"https:\/\/raphael.vaucourte.rparejo.eu\/index.php\/wp-json\/wp\/v2\/media?parent=554"}],"wp:term":[{"taxonomy":"category","embeddable":true,"href":"https:\/\/raphael.vaucourte.rparejo.eu\/index.php\/wp-json\/wp\/v2\/categories?post=554"},{"taxonomy":"post_tag","embeddable":true,"href":"https:\/\/raphael.vaucourte.rparejo.eu\/index.php\/wp-json\/wp\/v2\/tags?post=554"}],"curies":[{"name":"wp","href":"https:\/\/api.w.org\/{rel}","templated":true}]}}